{"id":723,"date":"2014-11-24T13:39:28","date_gmt":"2014-11-24T13:39:28","guid":{"rendered":"http:\/\/themes.tielabs.com\/sahifa5\/?p=153"},"modified":"2024-11-24T13:33:23","modified_gmt":"2024-11-24T17:33:23","slug":"blackberry-classic-review-2","status":"publish","type":"post","link":"https:\/\/podergeopolitico.com\/index.php\/2014\/11\/24\/blackberry-classic-review-2\/","title":{"rendered":"MINISTRA DE DEFENSA SALE A DESMENTIR A C.J. DEL EJ\u00c9RCITO CHILENO"},"content":{"rendered":"<span class=\"dropcap \">L<\/span>a ministra \u00a0de Defensa desminti\u00f3 \u00a0categ\u00f3ricamente las declaraciones del comandante en jefe del Ej\u00e9rcito de Chile, general Javier Iturriaga, quien sostiene que los recursos que poseen actualmente las Fuerzas Armadas alcanzan solamente para financiar un 23% de los soldados que mantiene el Ej\u00e9rcito.<\/p>\n<p>La ministra al salir a desmentir al titular del Ej\u00e9rcito, afirma \u00a0que el presupuesto cubre las necesidades de oficiales y suboficiales, adem\u00e1s de subrayar la recuperaci\u00f3n de recursos tras la pandemia.<\/p>\n<p>El 85% de la partida de defensa tiene que ver con el pago de las remuneraciones. Pero que no tiene sentido aumentar el presupuesto si no est\u00e1n llenos los cupos disponibles.<\/p>\n<p>Antiguamente los soldados conscriptos eran 11 mil, luego bajaron radicalmente en la pandemia y hoy van subiendo para alcanzar los 6 mil.<\/p>\n<p>De ah\u00ed se nutre la tropa profesional, la que no representa m\u00e1s que un 4% del total de los efectivos del Ej\u00e9rcito.<\/p>\n<p>El gobierno present\u00f3 un proyecto -aprobado hace unos d\u00edas en comisi\u00f3n- para aumentar las asignaciones y beneficios a los conscriptos incluidas mejoras en atenci\u00f3n de salud. Pero la tragedia de Putre gener\u00f3 un nuevo desincentivo para los reclutas.<\/p>\n<p>Mientras la cartera de defensa contradice al Ej\u00e9rcito, en la instituci\u00f3n castrense aparentemente crece el malestar. En efecto, Pr\u00f3rroga del despliegue militar en el norte eleva disputa por el presupuesto de las FF.AA.,ya que a los uniformados de tierra se les est\u00e1 pidiendo entonces estado de excepci\u00f3n en el norte, estado de excepci\u00f3n en el sur, eventual protecci\u00f3n tambi\u00e9n en la zona central o en la regi\u00f3n metropolitana, el apoyo a las polic\u00edas, pero no hay suficiente contingente para cumplir con esa misi\u00f3n o con esas tareas<\/p>\n<blockquote><p>We hire people who want to make the best things in the world. -Steve Jobs<\/p><\/blockquote>\n<p><strong><em>\u00bfA quien creerle? y el Rearme Vecinal.<\/em><\/strong><\/p>\n<p>Mientras la opini\u00f3n p\u00fablica se divide respecto a qui\u00e9n creerle, si al Ej\u00e9rcito o al gobierno civil, los hechos indesmentibles dicen relaci\u00f3n con el rearme generalizado que han comenzado los tres pa\u00edses vecinos de Chile. Mientras en nuestro pa\u00eds, salvo adquisiciones menores y la botadura de un rompehielos en Asmar, no ocurren renovaciones significativas del material de guerra desde hace aproximadamente\u00a0 veinte a\u00f1os.<\/p>\n","protected":false},"excerpt":{"rendered":"<p>La ministra \u00a0de Defensa desminti\u00f3 \u00a0categ\u00f3ricamente las declaraciones del comandante en jefe del Ej\u00e9rcito de Chile, general Javier Iturriaga, quien sostiene que los recursos que poseen actualmente las Fuerzas Armadas alcanzan solamente para financiar un 23% de los soldados que mantiene el Ej\u00e9rcito. La ministra al salir a desmentir al titular del Ej\u00e9rcito, afirma \u00a0que &hellip;<\/p>\n","protected":false},"author":2,"featured_media":1353,"comment_status":"open","ping_status":"open","sticky":false,"template":"","format":"standard","meta":{"_bbp_topic_count":0,"_bbp_reply_count":0,"_bbp_total_topic_count":0,"_bbp_total_reply_count":0,"_bbp_voice_count":0,"_bbp_anonymous_reply_count":0,"_bbp_topic_count_hidden":0,"_bbp_reply_count_hidden":0,"_bbp_forum_subforum_count":0,"footnotes":""},"categories":[9],"tags":[28,24],"class_list":["post-723","post","type-post","status-publish","format-standard","has-post-thumbnail","","category-politica","tag-criticas","tag-tecnologia"],"_links":{"self":[{"href":"https:\/\/podergeopolitico.com\/index.php\/wp-json\/wp\/v2\/posts\/723","targetHints":{"allow":["GET"]}}],"collection":[{"href":"https:\/\/podergeopolitico.com\/index.php\/wp-json\/wp\/v2\/posts"}],"about":[{"href":"https:\/\/podergeopolitico.com\/index.php\/wp-json\/wp\/v2\/types\/post"}],"author":[{"embeddable":true,"href":"https:\/\/podergeopolitico.com\/index.php\/wp-json\/wp\/v2\/users\/2"}],"replies":[{"embeddable":true,"href":"https:\/\/podergeopolitico.com\/index.php\/wp-json\/wp\/v2\/comments?post=723"}],"version-history":[{"count":2,"href":"https:\/\/podergeopolitico.com\/index.php\/wp-json\/wp\/v2\/posts\/723\/revisions"}],"predecessor-version":[{"id":1368,"href":"https:\/\/podergeopolitico.com\/index.php\/wp-json\/wp\/v2\/posts\/723\/revisions\/1368"}],"wp:featuredmedia":[{"embeddable":true,"href":"https:\/\/podergeopolitico.com\/index.php\/wp-json\/wp\/v2\/media\/1353"}],"wp:attachment":[{"href":"https:\/\/podergeopolitico.com\/index.php\/wp-json\/wp\/v2\/media?parent=723"}],"wp:term":[{"taxonomy":"category","embeddable":true,"href":"https:\/\/podergeopolitico.com\/index.php\/wp-json\/wp\/v2\/categories?post=723"},{"taxonomy":"post_tag","embeddable":true,"href":"https:\/\/podergeopolitico.com\/index.php\/wp-json\/wp\/v2\/tags?post=723"}],"curies":[{"name":"wp","href":"https:\/\/api.w.org\/{rel}","templated":true}]}}