{"id":3385,"date":"2026-03-14T22:22:32","date_gmt":"2026-03-14T22:22:32","guid":{"rendered":"https:\/\/podergeopolitico.com\/?p=3385"},"modified":"2026-03-14T22:24:07","modified_gmt":"2026-03-14T22:24:07","slug":"eeuu-retira-15-aviones-cisterna-de-sus-bases-en-espana","status":"publish","type":"post","link":"https:\/\/podergeopolitico.com\/index.php\/2026\/03\/14\/eeuu-retira-15-aviones-cisterna-de-sus-bases-en-espana\/","title":{"rendered":"EEUU retira 15 aviones cisterna de sus bases en Espa\u00f1a"},"content":{"rendered":"\n<h2 class=\"wp-block-heading\"><\/h2>\n\n\n\n<p>La reciente salida de al menos <strong>15 aviones cisterna Boeing KC-135 Stratotanker<\/strong> de las bases de Mor\u00f3n de la Frontera y Rota marca un punto de inflexi\u00f3n diplom\u00e1tico y militar entre Espa\u00f1a y Estados Unidos en este marzo de 2026.<\/p>\n\n\n<div class=\"wp-block-image\">\n<figure class=\"alignleft size-full is-resized\"><img loading=\"lazy\" decoding=\"async\" width=\"940\" height=\"660\" src=\"https:\/\/podergeopolitico.com\/wp-content\/uploads\/2026\/03\/image-24.png\" alt=\"\" class=\"wp-image-3386\" style=\"aspect-ratio:1.4242568749006517;width:188px;height:auto\" srcset=\"https:\/\/podergeopolitico.com\/wp-content\/uploads\/2026\/03\/image-24.png 940w, https:\/\/podergeopolitico.com\/wp-content\/uploads\/2026\/03\/image-24-300x211.png 300w, https:\/\/podergeopolitico.com\/wp-content\/uploads\/2026\/03\/image-24-768x539.png 768w\" sizes=\"auto, (max-width: 940px) 100vw, 940px\" \/><\/figure>\n<\/div>\n\n\n<p><\/p>\n\n\n\n<p>Este movimiento no es un simple relevo rutinario, sino la consecuencia directa de la negativa del Gobierno espa\u00f1ol a que su territorio sea utilizado para apoyar la ofensiva militar de EE. UU. e Israel contra <strong>Ir\u00e1n<\/strong>.<\/p>\n\n\n\n<p><\/p>\n\n\n\n<h3 class=\"wp-block-heading\">Las claves del conflicto log\u00edstico<\/h3>\n\n\n\n<p>El despliegue de estos aviones es cr\u00edtico para la operatividad a\u00e9rea. Los KC-135 act\u00faan como \u00abgasolineras volantes\u00bb, permitiendo que los cazas y bombarderos alcancen sus objetivos en Oriente Pr\u00f3ximo sin necesidad de aterrizar.<\/p>\n\n\n\n<ul class=\"wp-block-list\">\n<li><strong>Soberan\u00eda vs. Convenio:<\/strong> Aunque el Convenio de Cooperaci\u00f3n para la Defensa permite el uso de las bases, Espa\u00f1a ha invocado su soberan\u00eda para denegar autorizaciones espec\u00edficas. El ministro de Exteriores, Jos\u00e9 Manuel Albares, ha reiterado que las bases no se usar\u00e1n para acciones ajenas a los acuerdos bilaterales o la legalidad internacional.<\/li>\n\n\n\n<li><strong>Destino de las aeronaves:<\/strong> Los sistemas de seguimiento han confirmado que gran parte de estos aviones han sido reubicados en la <strong>Base A\u00e9rea de Ramstein (Alemania)<\/strong> y otras instalaciones en Francia, donde las restricciones pol\u00edticas son menores o inexistentes.<\/li>\n\n\n\n<li><strong>Impacto pol\u00edtico:<\/strong> El presidente Donald Trump ha calificado la postura espa\u00f1ola como una \u00abdeslealtad\u00bb, llegando a amenazar con represalias comerciales, mientras que el gobierno de Pedro S\u00e1nchez defiende la desescalada regional.<\/li>\n<\/ul>\n\n\n\n<figure class=\"wp-block-table\"><table class=\"has-fixed-layout\"><thead><tr><td><strong>Base<\/strong><\/td><td><strong>Tipo<\/strong><\/td><td><strong>Impacto de la retirada<\/strong><\/td><\/tr><\/thead><tbody><tr><td><strong>Mor\u00f3n de la Frontera<\/strong><\/td><td>A\u00e9rea<\/td><td>P\u00e9rdida del nodo principal de reabastecimiento estrat\u00e9gico para el puente a\u00e9reo atl\u00e1ntico.<\/td><\/tr><tr><td><strong>Rota<\/strong><\/td><td>Naval \/ A\u00e9rea<\/td><td>Afecta la cobertura a\u00e9rea de los destructores del escudo antimisiles y la log\u00edstica r\u00e1pida hacia el Mediterr\u00e1neo.<\/td><\/tr><\/tbody><\/table><\/figure>\n\n\n\n<p><\/p>\n\n\n\n<p><\/p>\n\n\n\n<h2 class=\"wp-block-heading\">Gemini dijo<\/h2>\n\n\n\n<p>La reciente salida de al menos <strong>15 aviones cisterna Boeing KC-135 Stratotanker<\/strong> de las bases de Mor\u00f3n de la Frontera y Rota marca un punto de inflexi\u00f3n diplom\u00e1tico y militar entre Espa\u00f1a y Estados Unidos en este marzo de 2026.<\/p>\n\n\n\n<p>Este movimiento no es un simple relevo rutinario, sino la consecuencia directa de la negativa del Gobierno espa\u00f1ol a que su territorio sea utilizado para apoyar la ofensiva militar de EE. UU. e Israel contra <strong>Ir\u00e1n<\/strong>.<\/p>\n\n\n\n<h3 class=\"wp-block-heading\">Las claves del conflicto log\u00edstico<\/h3>\n\n\n\n<p>El despliegue de estos aviones es cr\u00edtico para la operatividad a\u00e9rea. Los KC-135 act\u00faan como \u00abgasolineras volantes\u00bb, permitiendo que los cazas y bombarderos alcancen sus objetivos en Oriente Pr\u00f3ximo sin necesidad de aterrizar.<\/p>\n\n\n\n<ul class=\"wp-block-list\">\n<li><strong>Soberan\u00eda vs. Convenio:<\/strong> Aunque el Convenio de Cooperaci\u00f3n para la Defensa permite el uso de las bases, Espa\u00f1a ha invocado su soberan\u00eda para denegar autorizaciones espec\u00edficas. El ministro de Exteriores, Jos\u00e9 Manuel Albares, ha reiterado que las bases no se usar\u00e1n para acciones ajenas a los acuerdos bilaterales o la legalidad internacional.<\/li>\n\n\n\n<li><strong>Destino de las aeronaves:<\/strong> Los sistemas de seguimiento han confirmado que gran parte de estos aviones han sido reubicados en la <strong>Base A\u00e9rea de Ramstein (Alemania)<\/strong> y otras instalaciones en Francia, donde las restricciones pol\u00edticas son menores o inexistentes.<\/li>\n\n\n\n<li><strong>Impacto pol\u00edtico:<\/strong> El presidente Donald Trump ha calificado la postura espa\u00f1ola como una \u00abdeslealtad\u00bb, llegando a amenazar con represalias comerciales, mientras que el gobierno de Pedro S\u00e1nchez defiende la desescalada regional.<\/li>\n<\/ul>\n\n\n\n<hr class=\"wp-block-separator has-alpha-channel-opacity\"\/>\n\n\n\n<h3 class=\"wp-block-heading\">Diferencias operativas en las bases<\/h3>\n\n\n\n<figure class=\"wp-block-table\"><table class=\"has-fixed-layout\"><thead><tr><td class=\"has-text-align-left\" data-align=\"left\">Base<\/td><td class=\"has-text-align-left\" data-align=\"left\">Tipo<\/td><td class=\"has-text-align-left\" data-align=\"left\">Impacto de la retirada<\/td><\/tr><\/thead><tbody><tr><td class=\"has-text-align-left\" data-align=\"left\"><strong>Mor\u00f3n de la Frontera<\/strong><\/td><td class=\"has-text-align-left\" data-align=\"left\">A\u00e9rea<\/td><td class=\"has-text-align-left\" data-align=\"left\">P\u00e9rdida del nodo principal de reabastecimiento estrat\u00e9gico para el puente a\u00e9reo atl\u00e1ntico.<\/td><\/tr><tr><td class=\"has-text-align-left\" data-align=\"left\"><strong>Rota<\/strong><\/td><td class=\"has-text-align-left\" data-align=\"left\">Naval \/ A\u00e9rea<\/td><td class=\"has-text-align-left\" data-align=\"left\">Afecta la cobertura a\u00e9rea de los destructores del escudo antimisiles y la log\u00edstica r\u00e1pida hacia el Mediterr\u00e1neo.<\/td><\/tr><\/tbody><\/table><\/figure>\n\n\n\n<p><\/p>\n\n\n\n<p><strong><em>NOTA DE LA REDACCI\u00d3N<\/em><\/strong>:<\/p>\n\n\n\n<p>Este repliegue log\u00edstico evidencia una de las mayores crisis de confianza en la relaci\u00f3n de defensa bilateral de las \u00faltimas d\u00e9cadas, dejando el futuro del destacamento permanente de aviones cisterna en Espa\u00f1a en una situaci\u00f3n de total incertidumbre.<\/p>\n\n\n\n<p><strong>SNATIAGO DE CHILE 14-3-2026<\/strong> <\/p>\n\n\n<div class=\"wp-block-image\">\n<figure class=\"aligncenter size-full\"><img loading=\"lazy\" decoding=\"async\" width=\"300\" height=\"152\" src=\"https:\/\/podergeopolitico.com\/wp-content\/uploads\/2026\/03\/image-26.png\" alt=\"\" class=\"wp-image-3388\"\/><\/figure>\n<\/div>","protected":false},"excerpt":{"rendered":"<p>La reciente salida de al menos 15 aviones cisterna Boeing KC-135 Stratotanker de las bases de Mor\u00f3n de la Frontera y Rota marca un punto de inflexi\u00f3n diplom\u00e1tico y militar entre Espa\u00f1a y Estados Unidos en este marzo de 2026. Este movimiento no es un simple relevo rutinario, sino la consecuencia directa de la negativa &hellip;<\/p>\n","protected":false},"author":2,"featured_media":0,"comment_status":"open","ping_status":"open","sticky":false,"template":"","format":"standard","meta":{"_bbp_topic_count":0,"_bbp_reply_count":0,"_bbp_total_topic_count":0,"_bbp_total_reply_count":0,"_bbp_voice_count":0,"_bbp_anonymous_reply_count":0,"_bbp_topic_count_hidden":0,"_bbp_reply_count_hidden":0,"_bbp_forum_subforum_count":0,"footnotes":""},"categories":[66,12],"tags":[],"class_list":["post-3385","post","type-post","status-publish","format-standard","","category-geopolitica-2","category-noticias-en-imagenes"],"_links":{"self":[{"href":"https:\/\/podergeopolitico.com\/index.php\/wp-json\/wp\/v2\/posts\/3385","targetHints":{"allow":["GET"]}}],"collection":[{"href":"https:\/\/podergeopolitico.com\/index.php\/wp-json\/wp\/v2\/posts"}],"about":[{"href":"https:\/\/podergeopolitico.com\/index.php\/wp-json\/wp\/v2\/types\/post"}],"author":[{"embeddable":true,"href":"https:\/\/podergeopolitico.com\/index.php\/wp-json\/wp\/v2\/users\/2"}],"replies":[{"embeddable":true,"href":"https:\/\/podergeopolitico.com\/index.php\/wp-json\/wp\/v2\/comments?post=3385"}],"version-history":[{"count":1,"href":"https:\/\/podergeopolitico.com\/index.php\/wp-json\/wp\/v2\/posts\/3385\/revisions"}],"predecessor-version":[{"id":3389,"href":"https:\/\/podergeopolitico.com\/index.php\/wp-json\/wp\/v2\/posts\/3385\/revisions\/3389"}],"wp:attachment":[{"href":"https:\/\/podergeopolitico.com\/index.php\/wp-json\/wp\/v2\/media?parent=3385"}],"wp:term":[{"taxonomy":"category","embeddable":true,"href":"https:\/\/podergeopolitico.com\/index.php\/wp-json\/wp\/v2\/categories?post=3385"},{"taxonomy":"post_tag","embeddable":true,"href":"https:\/\/podergeopolitico.com\/index.php\/wp-json\/wp\/v2\/tags?post=3385"}],"curies":[{"name":"wp","href":"https:\/\/api.w.org\/{rel}","templated":true}]}}