{"id":2412,"date":"2025-07-24T02:01:05","date_gmt":"2025-07-24T02:01:05","guid":{"rendered":"https:\/\/podergeopolitico.com\/?p=2412"},"modified":"2025-07-24T02:18:10","modified_gmt":"2025-07-24T02:18:10","slug":"cumbre-de-presidentes-chile-puede-mirar-a-todas-partes-entrevista-a-fabian-cardozo","status":"publish","type":"post","link":"https:\/\/podergeopolitico.com\/index.php\/2025\/07\/24\/cumbre-de-presidentes-chile-puede-mirar-a-todas-partes-entrevista-a-fabian-cardozo\/","title":{"rendered":"Cumbre de Presidentes Chile puede mirar a todas partes. Entrevista a Fabi\u00e1n Cardozo"},"content":{"rendered":"\n<p><strong>A continuaci\u00f3n reproducimos una entrevista a Fabi\u00e1n Cardozo, analista y corresponsal uruguayo con una dilatada trayectoria en los entresijos del poder y de la pol\u00edtica de Montevideo.<\/strong><\/p>\n\n\n<div class=\"wp-block-image\">\n<figure class=\"alignleft size-large is-resized\"><img loading=\"lazy\" decoding=\"async\" width=\"768\" height=\"1024\" src=\"https:\/\/podergeopolitico.com\/wp-content\/uploads\/2025\/07\/IMG-20250723-WA0008-1-768x1024.jpg\" alt=\"\" class=\"wp-image-2418\" style=\"width:150px;height:auto\" srcset=\"https:\/\/podergeopolitico.com\/wp-content\/uploads\/2025\/07\/IMG-20250723-WA0008-1-768x1024.jpg 768w, https:\/\/podergeopolitico.com\/wp-content\/uploads\/2025\/07\/IMG-20250723-WA0008-1-225x300.jpg 225w, https:\/\/podergeopolitico.com\/wp-content\/uploads\/2025\/07\/IMG-20250723-WA0008-1-1152x1536.jpg 1152w, https:\/\/podergeopolitico.com\/wp-content\/uploads\/2025\/07\/IMG-20250723-WA0008-1.jpg 1200w\" sizes=\"auto, (max-width: 768px) 100vw, 768px\" \/><\/figure>\n<\/div>\n\n\n<p>Cardozo, periodista y analista pol\u00edtico de referencia en el Cono Sur, ha seguido de cerca los procesos regionales en Am\u00e9rica Latina durante m\u00e1s de dos d\u00e9cadas. Fue corresponsal de la televisi\u00f3n p\u00fablica uruguaya durante el gobierno de Jos\u00e9 Mujica, y ha cubierto desde entonces cumbres presidenciales, debates ideol\u00f3gicos y transformaciones institucionales a lo largo y ancho del continente. Su mirada, aguda y matizada, permite comprender las complejidades del progresismo latinoamericano y los desaf\u00edos que enfrenta en un mundo cada vez m\u00e1s multipolar.<\/p>\n\n\n\n<p>En esta entrevista, Cardozo analiza los alcances del reciente encuentro del progresismo internacional, sus fortalezas, limitaciones y dilemas estrat\u00e9gicos. Asimismo, ofrece una perspectiva sobre el avance del bloque BRICS y los posibles m\u00e1rgenes de maniobra que se abren para pa\u00edses como Chile, que hist\u00f3ricamente han optado por un camino pragm\u00e1tico, multilateral y relativamente insular en su inserci\u00f3n internacional.<\/p>\n\n\n\n<p><\/p>\n\n\n\n<p>Su an\u00e1lisis invita a repensar el papel de Chile desde una \u00f3ptica regional y global, valorando sus capacidades reales pero tambi\u00e9n reconociendo sus l\u00edmites. Cardozo hace referencia  a que en un Chile pragm\u00e1tico en el comercio internacional y multelateralista en pol\u00edtica exterior hay espacios para que coexistan posturas pro-BRICS como pro OTAN ampli\u00e1ndose el abanico de opciones de posicionamiento y maniobra para Chile <\/p>\n\n\n\n<p><\/p>\n\n\n\n<p>La conversaci\u00f3n con Cardozo resulta especialmente reveladora para comprender c\u00f3mo se percibe desde el exterior \u2014y en particular desde pa\u00edses vecinos\u2014 la posici\u00f3n chilena frente al surgimiento de nuevas din\u00e1micas geopol\u00edticas, al rol creciente del Sur Global, y a las disputas que marcar\u00e1n el escenario internacional en la pr\u00f3xima d\u00e9cada.<\/p>\n\n\n\n<figure class=\"wp-block-embed is-type-video is-provider-youtube wp-block-embed-youtube wp-embed-aspect-16-9 wp-has-aspect-ratio\"><div class=\"wp-block-embed__wrapper\">\n<iframe loading=\"lazy\" title=\"Cumbre de Presidentes Chile puede mirar a todas partes. Entrevista a Fabi\u00e1n Cardozo\" width=\"618\" height=\"348\" src=\"https:\/\/www.youtube.com\/embed\/mDnu_zPieBU?feature=oembed\" frameborder=\"0\" allow=\"accelerometer; autoplay; clipboard-write; encrypted-media; gyroscope; picture-in-picture; web-share\" referrerpolicy=\"strict-origin-when-cross-origin\" allowfullscreen><\/iframe>\n<\/div><\/figure>\n\n\n\n<p><strong><em>COMENTARIO DE LA REDACCI\u00d3N<\/em><\/strong><\/p>\n\n\n\n<p>En tiempos donde las cumbres progresistas intentan revitalizar agendas comunes y los BRICS ensayan una arquitectura alternativa a los centros tradicionales de poder, la reflexi\u00f3n sobre Chile, su vocaci\u00f3n internacional y su anclaje en el Pac\u00edfico Sur adquiere una relevancia singular. Tal vez y a prop\u00f3sito de lo que plantea Cardozo , se trata de mirar m\u00e1s all\u00e1 de nuestra introspecci\u00f3n insular y de nuestra din\u00e1mica interna de polarizaci\u00f3n para preguntarnos \u2014con realismo y ambici\u00f3n\u2014 qu\u00e9 lugar queremos ocupar en el nuevo mapa del poder mundial.<\/p>\n\n\n\n<p class=\"has-text-align-center\"><\/p>\n\n\n\n<p class=\"has-text-align-center\">SANTIAGO DE CHILE JULIO 2025<\/p>\n\n\n<div class=\"wp-block-image\">\n<figure class=\"aligncenter size-full is-resized\"><img loading=\"lazy\" decoding=\"async\" width=\"1200\" height=\"1200\" src=\"https:\/\/podergeopolitico.com\/wp-content\/uploads\/2025\/07\/Logo-poder-geopolitico-y-geoeconomia-sin-fondo-5-1.png\" alt=\"\" class=\"wp-image-2409\" style=\"width:220px;height:auto\" srcset=\"https:\/\/podergeopolitico.com\/wp-content\/uploads\/2025\/07\/Logo-poder-geopolitico-y-geoeconomia-sin-fondo-5-1.png 1200w, https:\/\/podergeopolitico.com\/wp-content\/uploads\/2025\/07\/Logo-poder-geopolitico-y-geoeconomia-sin-fondo-5-1-300x300.png 300w, https:\/\/podergeopolitico.com\/wp-content\/uploads\/2025\/07\/Logo-poder-geopolitico-y-geoeconomia-sin-fondo-5-1-1024x1024.png 1024w, https:\/\/podergeopolitico.com\/wp-content\/uploads\/2025\/07\/Logo-poder-geopolitico-y-geoeconomia-sin-fondo-5-1-150x150.png 150w, https:\/\/podergeopolitico.com\/wp-content\/uploads\/2025\/07\/Logo-poder-geopolitico-y-geoeconomia-sin-fondo-5-1-768x768.png 768w\" sizes=\"auto, (max-width: 1200px) 100vw, 1200px\" \/><\/figure>\n<\/div>","protected":false},"excerpt":{"rendered":"<p>A continuaci\u00f3n reproducimos una entrevista a Fabi\u00e1n Cardozo, analista y corresponsal uruguayo con una dilatada trayectoria en los entresijos del poder y de la pol\u00edtica de Montevideo. Cardozo, periodista y analista pol\u00edtico de referencia en el Cono Sur, ha seguido de cerca los procesos regionales en Am\u00e9rica Latina durante m\u00e1s de dos d\u00e9cadas. Fue corresponsal &hellip;<\/p>\n","protected":false},"author":2,"featured_media":2413,"comment_status":"open","ping_status":"open","sticky":false,"template":"","format":"standard","meta":{"_bbp_topic_count":0,"_bbp_reply_count":0,"_bbp_total_topic_count":0,"_bbp_total_reply_count":0,"_bbp_voice_count":0,"_bbp_anonymous_reply_count":0,"_bbp_topic_count_hidden":0,"_bbp_reply_count_hidden":0,"_bbp_forum_subforum_count":0,"footnotes":""},"categories":[1,12,10,9],"tags":[],"class_list":["post-2412","post","type-post","status-publish","format-standard","has-post-thumbnail","","category-geoeconomia","category-noticias-en-imagenes","category-noticias-internacionales","category-politica"],"_links":{"self":[{"href":"https:\/\/podergeopolitico.com\/index.php\/wp-json\/wp\/v2\/posts\/2412","targetHints":{"allow":["GET"]}}],"collection":[{"href":"https:\/\/podergeopolitico.com\/index.php\/wp-json\/wp\/v2\/posts"}],"about":[{"href":"https:\/\/podergeopolitico.com\/index.php\/wp-json\/wp\/v2\/types\/post"}],"author":[{"embeddable":true,"href":"https:\/\/podergeopolitico.com\/index.php\/wp-json\/wp\/v2\/users\/2"}],"replies":[{"embeddable":true,"href":"https:\/\/podergeopolitico.com\/index.php\/wp-json\/wp\/v2\/comments?post=2412"}],"version-history":[{"count":3,"href":"https:\/\/podergeopolitico.com\/index.php\/wp-json\/wp\/v2\/posts\/2412\/revisions"}],"predecessor-version":[{"id":2421,"href":"https:\/\/podergeopolitico.com\/index.php\/wp-json\/wp\/v2\/posts\/2412\/revisions\/2421"}],"wp:featuredmedia":[{"embeddable":true,"href":"https:\/\/podergeopolitico.com\/index.php\/wp-json\/wp\/v2\/media\/2413"}],"wp:attachment":[{"href":"https:\/\/podergeopolitico.com\/index.php\/wp-json\/wp\/v2\/media?parent=2412"}],"wp:term":[{"taxonomy":"category","embeddable":true,"href":"https:\/\/podergeopolitico.com\/index.php\/wp-json\/wp\/v2\/categories?post=2412"},{"taxonomy":"post_tag","embeddable":true,"href":"https:\/\/podergeopolitico.com\/index.php\/wp-json\/wp\/v2\/tags?post=2412"}],"curies":[{"name":"wp","href":"https:\/\/api.w.org\/{rel}","templated":true}]}}