{"id":2241,"date":"2025-06-29T21:06:47","date_gmt":"2025-06-29T21:06:47","guid":{"rendered":"https:\/\/podergeopolitico.com\/?p=2241"},"modified":"2025-07-03T23:37:56","modified_gmt":"2025-07-03T23:37:56","slug":"piloto-aterriza-en-antartica-chilena-sin-ser-detectado-por-la-fach","status":"publish","type":"post","link":"https:\/\/podergeopolitico.com\/index.php\/2025\/06\/29\/piloto-aterriza-en-antartica-chilena-sin-ser-detectado-por-la-fach\/","title":{"rendered":"Piloto aterriza en Ant\u00e1rtica Chilena sin ser detectado por la FACh"},"content":{"rendered":"\n<h3 class=\"wp-block-heading\"><strong>1. La gravedad de la infracci\u00f3n<\/strong><\/h3>\n\n\n<div class=\"wp-block-image\">\n<figure class=\"alignleft size-full is-resized\"><img loading=\"lazy\" decoding=\"async\" width=\"440\" height=\"291\" src=\"https:\/\/podergeopolitico.com\/wp-content\/uploads\/2025\/06\/image-155.png\" alt=\"\" class=\"wp-image-2242\" style=\"width:200px;height:auto\" srcset=\"https:\/\/podergeopolitico.com\/wp-content\/uploads\/2025\/06\/image-155.png 440w, https:\/\/podergeopolitico.com\/wp-content\/uploads\/2025\/06\/image-155-300x198.png 300w, https:\/\/podergeopolitico.com\/wp-content\/uploads\/2025\/06\/image-155-310x205.png 310w\" sizes=\"auto, (max-width: 440px) 100vw, 440px\" \/><\/figure>\n<\/div>\n\n\n<p>Lo ocurrido no es una simple an\u00e9cdota ni una travesura juvenil. El sobrevuelo y aterrizaje en la Ant\u00e1rtica Chilena por parte de un piloto extranjero estadounidense ETHAN GUO, sin autorizaci\u00f3n representa una <strong>violaci\u00f3n directa al C\u00f3digo Aeron\u00e1utico<\/strong>, al <strong>R\u00e9gimen del Tratado Ant\u00e1rtico<\/strong>, y a la <strong>soberan\u00eda operativa<\/strong> de Chile en una zona geoestrat\u00e9gica y ambientalmente sensible. Esto no es menor: la Ant\u00e1rtica es uno de los espacios m\u00e1s regulados del planeta.<\/p>\n\n\n\n<p>Incluso si para el relato la motivaci\u00f3n del vuelo era supuestamente \u00abben\u00e9fica\u00bb (una campa\u00f1a global contra el c\u00e1ncer), eso <strong>no exime de cumplir con los protocolos internacionales<\/strong>, especialmente en una regi\u00f3n donde convergen intereses cient\u00edficos, ambientales y geopol\u00edticos.<\/p>\n\n\n\n<hr class=\"wp-block-separator has-alpha-channel-opacity\"\/>\n\n\n\n<h3 class=\"wp-block-heading\"><strong>2. Fallas institucionales preocupantes<\/strong><\/h3>\n\n\n\n<p>Este caso evidencia una <strong>falla sist\u00e9mica de control del espacio a\u00e9reo<\/strong> por parte de las autoridades nacionales, particularmente de la Fuerza A\u00e9rea de Chile (FACh) y la Direcci\u00f3n General de Aeron\u00e1utica Civil (DGAC). Que un piloto menor de 20 a\u00f1os haya logrado violar el espacio a\u00e9reo austral chileno y aterrizar en una base ant\u00e1rtica sin ser interceptado revela <strong>una preocupante laxitud en los sistemas de vigilancia y defensa a\u00e9rea<\/strong> en una zona cr\u00edtica para la proyecci\u00f3n territorial de Chile.<\/p>\n\n\n\n<p>En un contexto de creciente militarizaci\u00f3n y disputa velada en torno al continente blanco, <strong>la omisi\u00f3n puede ser le\u00edda como debilidad o descuido<\/strong>, algo que otros actores estatales \u2014no siempre amistosos\u2014 podr\u00edan tomar nota. El incidente es un gran motivo para preocuparse como instituci\u00f3n.<\/p>\n\n\n\n<hr class=\"wp-block-separator has-alpha-channel-opacity\"\/>\n\n\n\n<h3 class=\"wp-block-heading\"><strong>3. El riesgo de la \u201cnarrativa del aventurero\u201d<\/strong><\/h3>\n\n\n\n<p>Desde el punto de vista comunicacional, ya se puede prever una operaci\u00f3n medi\u00e1tica que buscar\u00e1 presentar al joven piloto como un <strong>h\u00e9roe idealista<\/strong>, un explorador moderno que solo quiso hacer el bien. Esta narrativa, encantadora para ciertos medios anglosajones, puede terminar poniendo a Chile en el rol de \u00abburocracia hostil\u00bb.<\/p>\n\n\n\n<p>Por eso es clave que el gobierno chileno, con apoyo t\u00e9cnico y diplom\u00e1tico, <strong>comunique con claridad que no se persigue una causa humanitaria, sino una infracci\u00f3n peligrosa y una violaci\u00f3n a la ley internacional y nacional<\/strong>.<\/p>\n\n\n\n<hr class=\"wp-block-separator has-alpha-channel-opacity\"\/>\n\n\n\n<h3 class=\"wp-block-heading\"><strong>4. Lecciones urgentes<\/strong><\/h3>\n\n\n\n<p>Chile debe aprender de este episodio y <strong>reforzar inmediatamente sus capacidades de control a\u00e9reo en el sur del pa\u00eds y la Ant\u00e1rtica<\/strong>. No por paranoia, sino por soberan\u00eda, seguridad operacional y respeto al derecho internacional. Adem\u00e1s, urge una <strong>coordinaci\u00f3n m\u00e1s fina entre DGAC, FACh, y otras agencias como el INACH<\/strong>, para que nunca m\u00e1s un actor no autorizado aterrice impunemente en uno de los puntos m\u00e1s delicados del territorio nacional.<\/p>\n\n\n\n<hr class=\"wp-block-separator has-alpha-channel-opacity\"\/>\n\n\n\n<p><strong>Conclusi\u00f3n:<\/strong><br>Este episodio es m\u00e1s que una curiosidad. Es una alerta roja sobre la fragilidad del control del espacio ant\u00e1rtico chileno y el uso desregulado de narrativas ben\u00e9ficas para cruzar fronteras sensibles. Chile no puede dejar pasar este hecho sin consecuencias ni sin reformas inmediatas. No se trata solo de sancionar como corresponde  al intruso, sino de <strong>defender la institucionalidad, la seguridad y la soberan\u00eda nacional<\/strong>. Y adem\u00e1s investigar si en el incidente, tanto en su planeaci\u00f3n como en su ejecuci\u00f3n participaron terceros con intereses ajenos a nuestro pa\u00eds. Ser\u00eda poco profesional para las instituciones aceptar de buenas a primeras s\u00f3lo una versi\u00f3n.<\/p>\n\n\n\n<p>Santiago de Chile , 29 de junio de 2025<\/p>\n","protected":false},"excerpt":{"rendered":"<p>1. La gravedad de la infracci\u00f3n Lo ocurrido no es una simple an\u00e9cdota ni una travesura juvenil. El sobrevuelo y aterrizaje en la Ant\u00e1rtica Chilena por parte de un piloto extranjero estadounidense ETHAN GUO, sin autorizaci\u00f3n representa una violaci\u00f3n directa al C\u00f3digo Aeron\u00e1utico, al R\u00e9gimen del Tratado Ant\u00e1rtico, y a la soberan\u00eda operativa de Chile &hellip;<\/p>\n","protected":false},"author":2,"featured_media":2242,"comment_status":"open","ping_status":"open","sticky":false,"template":"","format":"standard","meta":{"_bbp_topic_count":0,"_bbp_reply_count":0,"_bbp_total_topic_count":0,"_bbp_total_reply_count":0,"_bbp_voice_count":0,"_bbp_anonymous_reply_count":0,"_bbp_topic_count_hidden":0,"_bbp_reply_count_hidden":0,"_bbp_forum_subforum_count":0,"footnotes":""},"categories":[10,75],"tags":[],"class_list":["post-2241","post","type-post","status-publish","format-standard","has-post-thumbnail","","category-noticias-internacionales","category-publicaciones-recientes"],"_links":{"self":[{"href":"https:\/\/podergeopolitico.com\/index.php\/wp-json\/wp\/v2\/posts\/2241","targetHints":{"allow":["GET"]}}],"collection":[{"href":"https:\/\/podergeopolitico.com\/index.php\/wp-json\/wp\/v2\/posts"}],"about":[{"href":"https:\/\/podergeopolitico.com\/index.php\/wp-json\/wp\/v2\/types\/post"}],"author":[{"embeddable":true,"href":"https:\/\/podergeopolitico.com\/index.php\/wp-json\/wp\/v2\/users\/2"}],"replies":[{"embeddable":true,"href":"https:\/\/podergeopolitico.com\/index.php\/wp-json\/wp\/v2\/comments?post=2241"}],"version-history":[{"count":1,"href":"https:\/\/podergeopolitico.com\/index.php\/wp-json\/wp\/v2\/posts\/2241\/revisions"}],"predecessor-version":[{"id":2243,"href":"https:\/\/podergeopolitico.com\/index.php\/wp-json\/wp\/v2\/posts\/2241\/revisions\/2243"}],"wp:featuredmedia":[{"embeddable":true,"href":"https:\/\/podergeopolitico.com\/index.php\/wp-json\/wp\/v2\/media\/2242"}],"wp:attachment":[{"href":"https:\/\/podergeopolitico.com\/index.php\/wp-json\/wp\/v2\/media?parent=2241"}],"wp:term":[{"taxonomy":"category","embeddable":true,"href":"https:\/\/podergeopolitico.com\/index.php\/wp-json\/wp\/v2\/categories?post=2241"},{"taxonomy":"post_tag","embeddable":true,"href":"https:\/\/podergeopolitico.com\/index.php\/wp-json\/wp\/v2\/tags?post=2241"}],"curies":[{"name":"wp","href":"https:\/\/api.w.org\/{rel}","templated":true}]}}