{"id":1895,"date":"2025-06-18T15:53:12","date_gmt":"2025-06-18T15:53:12","guid":{"rendered":"https:\/\/podergeopolitico.com\/?p=1895"},"modified":"2025-06-18T21:47:41","modified_gmt":"2025-06-18T21:47:41","slug":"1895","status":"publish","type":"post","link":"https:\/\/podergeopolitico.com\/index.php\/2025\/06\/18\/1895\/","title":{"rendered":"TRUMP INVITA A ALMORZAR A JEFE MILITAR PAKISTAN\u00cd"},"content":{"rendered":"\n<p>Seg\u00fan m\u00faltiples medios internacionales, <strong>Donald Trump tiene agendada una comida privada el 18 de junio de 2025 con el general pakistan\u00ed Asim\u202fMunir, jefe del Ej\u00e9rcito<\/strong>, en el Sal\u00f3n del Gabinete de la Casa Blanca <a href=\"https:\/\/www.reuters.com\/world\/asia-pacific\/pakistans-army-chief-meet-trump-after-conflict-with-india-defused-2025-06-18\/?utm_source=chatgpt.com\" target=\"_blank\" rel=\"noreferrer noopener\">en.wikipedia.org+15reuters.com+15economictimes.indiatimes.com+15<\/a>.<\/p>\n\n\n\n<ul class=\"wp-block-list\">\n<li><strong>Reuters<\/strong> informa que el almuerzo aparece en la agenda oficial presidencial y dura poco m\u00e1s de una hora <a href=\"https:\/\/economictimes.indiatimes.com\/news\/new-updates\/asim-munir-meets-trump-from-zia-musharaff-to-munir-what-happens-when-pakistans-army-chiefs-meet-us-presidents\/articleshow\/121924402.cms?utm_source=chatgpt.com\" target=\"_blank\" rel=\"noreferrer noopener\">economictimes.indiatimes.com<\/a>.<\/li>\n\n\n\n<li><strong>The Times of India<\/strong> y <strong>Economic Times<\/strong> reiteran que es un evento inusual (el primero en 15 a\u00f1os) y se da en medio de tensiones con Ir\u00e1n, Israel, India y Pakist\u00e1n .<\/li>\n\n\n\n<li><strong>Arab News<\/strong> y <strong>Hindustan Times<\/strong> tambi\u00e9n confirmaron la reuni\u00f3n privada sin acceso de prensa, seg\u00fan la agenda oficial .<\/li>\n<\/ul>\n\n\n<div class=\"wp-block-image\">\n<figure class=\"alignleft size-full is-resized\"><img loading=\"lazy\" decoding=\"async\" width=\"330\" height=\"409\" src=\"https:\/\/podergeopolitico.com\/wp-content\/uploads\/2025\/06\/General_Asim_Munir_Pakistan.jpg\" alt=\"\" class=\"wp-image-1899\" style=\"width:150px;height:auto\" srcset=\"https:\/\/podergeopolitico.com\/wp-content\/uploads\/2025\/06\/General_Asim_Munir_Pakistan.jpg 330w, https:\/\/podergeopolitico.com\/wp-content\/uploads\/2025\/06\/General_Asim_Munir_Pakistan-242x300.jpg 242w\" sizes=\"auto, (max-width: 330px) 100vw, 330px\" \/><\/figure>\n<\/div>\n\n\n<hr class=\"wp-block-separator has-alpha-channel-opacity\"\/>\n\n\n\n<h3 class=\"wp-block-heading\"> \u00bfQu\u00e9 implica su veracidad?<\/h3>\n\n\n\n<ul class=\"wp-block-list\">\n<li>No es un rumor: est\u00e1 oficialmente publicado en la <strong>agenda de la Casa Blanca<\/strong>.<\/li>\n\n\n\n<li>Se trata de un encuentro <strong>raro y simb\u00f3lico<\/strong>, ya que se trata del primer almuerzo privado entre un presidente estadounidense y un jefe militar pakistan\u00ed desde hace 15 a\u00f1os.<\/li>\n\n\n\n<li>Re\u00fane en la pr\u00e1ctica a <strong>la m\u00e1xima autoridad militar de Pakist\u00e1n<\/strong>, considerado m\u00e1s influyente que incluso el poder civil de su pa\u00eds, lo que resalta un <strong>v\u00ednculo estrat\u00e9gico directo con la c\u00fapula castrense<\/strong>.<\/li>\n<\/ul>\n\n\n\n<h2 class=\"wp-block-heading\">1. DERIVADA ESTRAT\u00c9GICA: \u00bfPAKIST\u00c1N COMO \u201cACTOR BISAGRA\u201d EN LA GUERRA?<\/h2>\n\n\n\n<h3 class=\"wp-block-heading\">Realineamiento t\u00e1ctico:<\/h3>\n\n\n\n<p>Si Trump corteja al poder militar real de Pakist\u00e1n (el ej\u00e9rcito y su establishment de seguridad), est\u00e1 <strong>reconfigurando alianzas regionales<\/strong> con una l\u00f3gica pos-Estado:<\/p>\n\n\n\n<ul class=\"wp-block-list\">\n<li><strong>Desborda a las estructuras civiles paquistan\u00edes<\/strong>, que suelen mantener cierta equidistancia diplom\u00e1tica.<\/li>\n\n\n\n<li>Se vincula directamente con quienes controlan el <strong>arsenal nuclear<\/strong> y las decisiones militares reales.<\/li>\n<\/ul>\n\n\n\n<h3 class=\"wp-block-heading\"> Objetivo de EE.UU.:<\/h3>\n\n\n\n<p>Probable intenci\u00f3n de:<\/p>\n\n\n\n<ul class=\"wp-block-list\">\n<li>Garantizar <strong>neutralidad o complicidad pakistan\u00ed<\/strong> en caso de guerra abierta contra Ir\u00e1n.<\/li>\n\n\n\n<li>Desalentar cualquier respaldo t\u00e1cito de Islamabad a Teher\u00e1n.<\/li>\n\n\n\n<li><strong>Aislar a\u00fan m\u00e1s a Ir\u00e1n<\/strong> regionalmente, rode\u00e1ndolo de potencias sunnitas o prooccidentales.<\/li>\n<\/ul>\n\n\n\n<hr class=\"wp-block-separator has-alpha-channel-opacity\"\/>\n\n\n\n<h2 class=\"wp-block-heading\">2. DERIVADA MILITAR: \u00bfPAKIST\u00c1N COMO PARAGUAS NUCLEAR PARA ARABIA SAUDITA O IR\u00c1N?<\/h2>\n\n\n\n<p>Pakist\u00e1n es el <strong>\u00fanico pa\u00eds isl\u00e1mico con armas nucleares<\/strong> y su doctrina de disuasi\u00f3n siempre ha sido regional, centrada en India. Sin embargo, hay un precedente nunca oficializado de que:<\/p>\n\n\n\n<ul class=\"wp-block-list\">\n<li>Arabia Saudita <strong>financi\u00f3 el programa nuclear paquistan\u00ed<\/strong> y espera, en teor\u00eda, alg\u00fan tipo de \u201cparaguas nuclear\u201d si lo necesita.<\/li>\n<\/ul>\n\n\n\n<h3 class=\"wp-block-heading\">\ud83e\udde8 Riesgos cr\u00edticos:<\/h3>\n\n\n\n<ul class=\"wp-block-list\">\n<li>Si EE.UU. ofrece incentivos a Pakist\u00e1n para mantenerse alineado, <strong>se bloquea cualquier posibilidad de que Ir\u00e1n logre apoyo t\u00e1cito<\/strong> de Islamabad.<\/li>\n\n\n\n<li>Pero si Ir\u00e1n percibe un cerco estrat\u00e9gico (Israel al oeste, EE.UU. en el Golfo, y Pakist\u00e1n al este), podr\u00eda interpretar esto como una <strong>justificaci\u00f3n para acelerar su carrera nuclear<\/strong>, bajo la l\u00f3gica de supervivencia del r\u00e9gimen.<\/li>\n<\/ul>\n\n\n\n<hr class=\"wp-block-separator has-alpha-channel-opacity\"\/>\n\n\n\n<h2 class=\"wp-block-heading\"> 3. DERIVADA IDEOL\u00d3GICA Y REGIONAL: SUNNISMO ARMADO VS CHIISMO RESISTENTE<\/h2>\n\n\n\n<p>El almuerzo, aunque simb\u00f3lico, puede ser le\u00eddo como:<\/p>\n\n\n\n<ul class=\"wp-block-list\">\n<li>Una <strong>adhesi\u00f3n al eje sunnita radical<\/strong>, con EE.UU. rearmando discretamente a los rivales naturales de Ir\u00e1n: Arabia Saudita, Emiratos y Pakist\u00e1n.<\/li>\n\n\n\n<li>Refuerza la percepci\u00f3n de que se est\u00e1 formando una <strong>OTAN isl\u00e1mica bajo control militar<\/strong>, con EE.UU. como garante nuclear indirecto.<\/li>\n<\/ul>\n\n\n\n<p>Esto amenaza con:<\/p>\n\n\n\n<ul class=\"wp-block-list\">\n<li><strong>Profundizar la fractura sectaria en el mundo musulm\u00e1n.<\/strong><\/li>\n\n\n\n<li>Radicalizar respuestas de actores como Hezbollah, los hut\u00edes o las milicias iraqu\u00edes proiran\u00edes.<\/li>\n<\/ul>\n\n\n\n<hr class=\"wp-block-separator has-alpha-channel-opacity\"\/>\n\n\n\n<h2 class=\"wp-block-heading\"> 4. DERIVADA GEOPOL\u00cdTICA: PRESI\u00d3N SOBRE CHINA Y RUSIA<\/h2>\n\n\n\n<p>Pakist\u00e1n es tambi\u00e9n un <strong>socio estrat\u00e9gico de China<\/strong> a trav\u00e9s del <em>China-Pakistan Economic Corridor (CPEC)<\/em>. Una alianza expl\u00edcita entre EE.UU. y el alto mando militar pakistan\u00ed puede:<\/p>\n\n\n\n<ul class=\"wp-block-list\">\n<li><strong>Complicar la posici\u00f3n china en Asia Central y en el \u00cdndico.<\/strong><\/li>\n\n\n\n<li>Tensionar a\u00fan m\u00e1s el tri\u00e1ngulo Pek\u00edn\u2013Teher\u00e1n\u2013Islamabad.<\/li>\n<\/ul>\n\n\n\n<p><strong>Rusia<\/strong>, por su parte, podr\u00eda ver esto como una <strong>p\u00e9rdida de profundidad estrat\u00e9gica<\/strong> para el eje antioccidental, aunque mantiene una relaci\u00f3n hist\u00f3ricamente ambigua con Islamabad.<\/p>\n\n\n\n<figure class=\"wp-block-table\"><table class=\"has-fixed-layout\"><thead><tr><th>\u00c1rea<\/th><th>Consecuencia Principal<\/th><\/tr><\/thead><tbody><tr><td><strong>Militar<\/strong><\/td><td>EE.UU. se acerca al control indirecto del \u00fanico arsenal nuclear isl\u00e1mico.<\/td><\/tr><tr><td><strong>Geopol\u00edtica<\/strong><\/td><td>Cercamiento estrat\u00e9gico de Ir\u00e1n desde el este.<\/td><\/tr><tr><td><strong>Diplom\u00e1tica<\/strong><\/td><td>Aislamiento de Ir\u00e1n y presi\u00f3n sobre China.<\/td><\/tr><tr><td><strong>Ideol\u00f3gica<\/strong><\/td><td>Reforzamiento del eje sunnita armado contra el chiismo regional.<\/td><\/tr><tr><td><strong>Nuclear<\/strong><\/td><td>Riesgo de proliferaci\u00f3n o \u201cparaguas compartido\u201d para Arabia Saudita.<\/td><\/tr><\/tbody><\/table><\/figure>\n\n\n\n<h2 class=\"wp-block-heading\">\u00bfQU\u00c9 VIGILAR EN LAS PR\u00d3XIMAS HORAS O D\u00cdAS?<\/h2>\n\n\n\n<ol class=\"wp-block-list\">\n<li><strong>Comunicado o silencio oficial del gobierno civil pakistan\u00ed.<\/strong><\/li>\n\n\n\n<li><strong>Reacciones desde Teher\u00e1n y el CGRI<\/strong> (Cuerpo de Guardianes de la Revoluci\u00f3n).<\/li>\n\n\n\n<li><strong>Movimientos militares en la frontera Ir\u00e1n-Pakist\u00e1n.<\/strong><\/li>\n\n\n\n<li><strong>Posible reuni\u00f3n trilateral EE.UU.\u2013Israel\u2013Pakist\u00e1n.<\/strong><\/li>\n\n\n\n<li><strong>Mensajes de disuasi\u00f3n o advertencia desde China.<\/strong><\/li>\n<\/ol>\n\n\n\n<p>\u00bfCambalache Estadounidense? \u00bfPakist\u00e1n por India?<\/p>\n\n\n\n<p>Santiago de Chile 18 de junio 2025<\/p>\n\n\n<div class=\"wp-block-image\">\n<figure class=\"aligncenter size-large\"><img loading=\"lazy\" decoding=\"async\" width=\"1024\" height=\"576\" src=\"https:\/\/podergeopolitico.com\/wp-content\/uploads\/2025\/06\/image-56-1024x576.png\" alt=\"\" class=\"wp-image-1897\" srcset=\"https:\/\/podergeopolitico.com\/wp-content\/uploads\/2025\/06\/image-56-1024x576.png 1024w, https:\/\/podergeopolitico.com\/wp-content\/uploads\/2025\/06\/image-56-300x169.png 300w, https:\/\/podergeopolitico.com\/wp-content\/uploads\/2025\/06\/image-56-768x432.png 768w, https:\/\/podergeopolitico.com\/wp-content\/uploads\/2025\/06\/image-56.png 1200w\" sizes=\"auto, (max-width: 1024px) 100vw, 1024px\" \/><\/figure>\n<\/div>","protected":false},"excerpt":{"rendered":"<p>Seg\u00fan m\u00faltiples medios internacionales, Donald Trump tiene agendada una comida privada el 18 de junio de 2025 con el general pakistan\u00ed Asim\u202fMunir, jefe del Ej\u00e9rcito, en el Sal\u00f3n del Gabinete de la Casa Blanca en.wikipedia.org+15reuters.com+15economictimes.indiatimes.com+15. Reuters informa que el almuerzo aparece en la agenda oficial presidencial y dura poco m\u00e1s de una hora economictimes.indiatimes.com. The &hellip;<\/p>\n","protected":false},"author":2,"featured_media":1897,"comment_status":"open","ping_status":"open","sticky":false,"template":"","format":"standard","meta":{"_bbp_topic_count":0,"_bbp_reply_count":0,"_bbp_total_topic_count":0,"_bbp_total_reply_count":0,"_bbp_voice_count":0,"_bbp_anonymous_reply_count":0,"_bbp_topic_count_hidden":0,"_bbp_reply_count_hidden":0,"_bbp_forum_subforum_count":0,"footnotes":""},"categories":[66,10],"tags":[],"class_list":["post-1895","post","type-post","status-publish","format-standard","has-post-thumbnail","","category-geopolitica-2","category-noticias-internacionales"],"_links":{"self":[{"href":"https:\/\/podergeopolitico.com\/index.php\/wp-json\/wp\/v2\/posts\/1895","targetHints":{"allow":["GET"]}}],"collection":[{"href":"https:\/\/podergeopolitico.com\/index.php\/wp-json\/wp\/v2\/posts"}],"about":[{"href":"https:\/\/podergeopolitico.com\/index.php\/wp-json\/wp\/v2\/types\/post"}],"author":[{"embeddable":true,"href":"https:\/\/podergeopolitico.com\/index.php\/wp-json\/wp\/v2\/users\/2"}],"replies":[{"embeddable":true,"href":"https:\/\/podergeopolitico.com\/index.php\/wp-json\/wp\/v2\/comments?post=1895"}],"version-history":[{"count":5,"href":"https:\/\/podergeopolitico.com\/index.php\/wp-json\/wp\/v2\/posts\/1895\/revisions"}],"predecessor-version":[{"id":1924,"href":"https:\/\/podergeopolitico.com\/index.php\/wp-json\/wp\/v2\/posts\/1895\/revisions\/1924"}],"wp:featuredmedia":[{"embeddable":true,"href":"https:\/\/podergeopolitico.com\/index.php\/wp-json\/wp\/v2\/media\/1897"}],"wp:attachment":[{"href":"https:\/\/podergeopolitico.com\/index.php\/wp-json\/wp\/v2\/media?parent=1895"}],"wp:term":[{"taxonomy":"category","embeddable":true,"href":"https:\/\/podergeopolitico.com\/index.php\/wp-json\/wp\/v2\/categories?post=1895"},{"taxonomy":"post_tag","embeddable":true,"href":"https:\/\/podergeopolitico.com\/index.php\/wp-json\/wp\/v2\/tags?post=1895"}],"curies":[{"name":"wp","href":"https:\/\/api.w.org\/{rel}","templated":true}]}}